{"id":8429,"date":"2013-10-07T08:46:05","date_gmt":"2013-10-07T13:46:05","guid":{"rendered":"http:\/\/blogs.library.duke.edu\/rubenstein\/?p=8429"},"modified":"2013-10-07T08:48:05","modified_gmt":"2013-10-07T13:48:05","slug":"undocumented","status":"publish","type":"post","link":"https:\/\/blogs.library.duke.edu\/rubenstein\/2013\/10\/07\/undocumented\/","title":{"rendered":"Rights! Camera! Action!: The Undocumented (Director\u2019s Cut)"},"content":{"rendered":"<p><strong>Date:<\/strong> Tuesday, October 8, 2013<br \/>\n<strong>Time:<\/strong> 7:00 p.m.<br \/>\n<strong>Location:<\/strong> Full Frame Theater on the American Tobacco Campus (<a href=\"http:\/\/www.americantobaccohistoricdistrict.com\/district\/11\/full-frame-theater\">directions &amp; parking information<\/a>)<br \/>\n<strong>Contact:<\/strong> Patrick Stawski, <a href=\"mailto:patrick.stawski@duke.edu\">patrick.stawski(at)duke.edu<\/a><\/p>\n<p>Marcos Hernandez lives and works in Chicago. He came to the United States from Mexico, after a life-threatening border crossing through the Sonora Desert in southern Arizona. Each month, he sends money to his mother in Mexico City to buy medicine for his brother, Gustavo, who needs a kidney transplant. <a href=\"http:\/\/www.pbs.org\/independentlens\/undocumented\/film.html\"><i>The Undocumented<\/i><\/a>, by acclaimed filmmaker Marco Williams, is Marcos\u2019s story\u2014as well as the story of countless other migrants.<\/p>\n<p>Chronicling Arizona\u2019s deadliest summer months, award-winning documentary and fiction film director Marco Williams (<em>Banished<\/em>, <em>Two Towns of Jasper<\/em>, <em>In Search of Our Fathers<\/em>) weaves Marcos\u2019s search with the efforts of humanitarians and Border Patrol agents who are fighting to prevent migrant deaths, the medical investigators and Mexican Consulate workers who are trying to identify dead border crossers, and Mexican families who are struggling to accept the loss of a loved one.<\/p>\n<p><a href=\"http:\/\/blogs.library.duke.edu\/rubenstein\/files\/2013\/10\/undocumented_poster-web.jpg\"><img loading=\"lazy\" decoding=\"async\" class=\"aligncenter size-full wp-image-8431\" alt=\"Poster for Screening of The Undocumented\" src=\"http:\/\/blogs.library.duke.edu\/rubenstein\/files\/2013\/10\/undocumented_poster-web.jpg\" width=\"600\" height=\"337\" srcset=\"https:\/\/blogs.library.duke.edu\/rubenstein\/files\/2013\/10\/undocumented_poster-web.jpg 600w, https:\/\/blogs.library.duke.edu\/rubenstein\/files\/2013\/10\/undocumented_poster-web-300x168.jpg 300w\" sizes=\"auto, (max-width: 600px) 100vw, 600px\" \/><\/a><\/p>\n<p>In true cin\u00e9ma v\u00e9rit\u00e9 style, <i>The Undocumented<\/i>\u00a0(91:00 TRT; 2013 Full Frame Honorable Mention for Kathleen Bryan Edwards Award for Human Rights) reveals the ongoing impact of immigration laws and economic policies on the very people who continue to be affected by them. By going beyond politics, the film also tells a story that is deeply personal.<\/p>\n<p>The screening, which is <strong>free and open to the public<\/strong>, will be followed by a panel discussion featuring director Marco Williams and Duke University professor Charlie Thompson.<\/p>\n<p><i><\/i><i>Rights!Camera!Action!<\/i> is sponsored by the <a href=\"http:\/\/library.duke.edu\/rubenstein\/documentaryarts\/index.html\" target=\"_blank\">Archive of Documentary Arts<\/a> and the <a href=\"http:\/\/library.duke.edu\/rubenstein\/human-rights\/index.html\" target=\"_blank\">Human Rights Archive<\/a> in the Rubenstein Library, the <a href=\"http:\/\/humanrights.fhi.duke.edu\/\" target=\"_blank\">Duke Human Rights Center<\/a> @ FHI, and the <a href=\"http:\/\/ami.duke.edu\/\" target=\"_blank\">Program in the Arts of the Moving Image<\/a>.<\/p>\n","protected":false},"excerpt":{"rendered":"<p>Date: Tuesday, October 8, 2013 Time: 7:00 p.m. Location: Full Frame Theater on the American Tobacco Campus (directions &amp; parking information) Contact: Patrick Stawski, patrick.stawski(at)duke.edu Marcos Hernandez lives and works in Chicago. He came to the United States from Mexico, after a life-threatening border crossing through the Sonora Desert in southern Arizona. Each month, he &hellip; <a href=\"https:\/\/blogs.library.duke.edu\/rubenstein\/2013\/10\/07\/undocumented\/\" class=\"more-link\">Continue reading <span class=\"screen-reader-text\">Rights! Camera! Action!: The Undocumented (Director\u2019s Cut)<\/span> <span class=\"meta-nav\">&rarr;<\/span><\/a><\/p>\n","protected":false},"author":89,"featured_media":8433,"comment_status":"open","ping_status":"open","sticky":false,"template":"","format":"standard","meta":{"footnotes":""},"categories":[17,7,15,16],"tags":[101,100,221,85,108],"coauthors":[],"class_list":["post-8429","post","type-post","status-publish","format-standard","has-post-thumbnail","hentry","category-doc-arts","category-events","category-films","category-human-rights-archive","tag-documentary","tag-film","tag-film-screenings","tag-fullframe","tag-human-rights"],"yoast_head":"<!-- This site is optimized with the Yoast SEO plugin v27.1.1 - https:\/\/yoast.com\/product\/yoast-seo-wordpress\/ -->\n<title>Rights! Camera! Action!: The Undocumented (Director\u2019s Cut)  - The Devil&#039;s Tale<\/title>\n<meta name=\"robots\" content=\"index, follow, max-snippet:-1, max-image-preview:large, max-video-preview:-1\" \/>\n<link rel=\"canonical\" href=\"https:\/\/blogs.library.duke.edu\/rubenstein\/2013\/10\/07\/undocumented\/\" \/>\n<meta property=\"og:locale\" content=\"en_US\" \/>\n<meta property=\"og:type\" content=\"article\" \/>\n<meta property=\"og:title\" content=\"Rights! Camera! Action!: The Undocumented (Director\u2019s Cut)  - The Devil&#039;s Tale\" \/>\n<meta property=\"og:description\" content=\"Date: Tuesday, October 8, 2013 Time: 7:00 p.m. Location: Full Frame Theater on the American Tobacco Campus (directions &amp; parking information) Contact: Patrick Stawski, patrick.stawski(at)duke.edu Marcos Hernandez lives and works in Chicago. He came to the United States from Mexico, after a life-threatening border crossing through the Sonora Desert in southern Arizona. Each month, he &hellip; Continue reading Rights! Camera! Action!: The Undocumented (Director\u2019s Cut) &rarr;\" \/>\n<meta property=\"og:url\" content=\"https:\/\/blogs.library.duke.edu\/rubenstein\/2013\/10\/07\/undocumented\/\" \/>\n<meta property=\"og:site_name\" content=\"The Devil&#039;s Tale\" \/>\n<meta property=\"article:published_time\" content=\"2013-10-07T13:46:05+00:00\" \/>\n<meta property=\"article:modified_time\" content=\"2013-10-07T13:48:05+00:00\" \/>\n<meta property=\"og:image\" content=\"https:\/\/blogs.library.duke.edu\/rubenstein\/files\/2013\/10\/undocumented-web.jpg\" \/>\n\t<meta property=\"og:image:width\" content=\"339\" \/>\n\t<meta property=\"og:image:height\" content=\"458\" \/>\n\t<meta property=\"og:image:type\" content=\"image\/jpeg\" \/>\n<meta name=\"author\" content=\"Amy McDonald\" \/>\n<meta name=\"twitter:card\" content=\"summary_large_image\" \/>\n<meta name=\"twitter:creator\" content=\"@rubensteinlib\" \/>\n<meta name=\"twitter:site\" content=\"@rubensteinlib\" \/>\n<meta name=\"twitter:label1\" content=\"Written by\" \/>\n\t<meta name=\"twitter:data1\" content=\"Amy McDonald\" \/>\n\t<meta name=\"twitter:label2\" content=\"Est. reading time\" \/>\n\t<meta name=\"twitter:data2\" content=\"1 minute\" \/>\n<script type=\"application\/ld+json\" class=\"yoast-schema-graph\">{\"@context\":\"https:\/\/schema.org\",\"@graph\":[{\"@type\":\"Article\",\"@id\":\"https:\/\/blogs.library.duke.edu\/rubenstein\/2013\/10\/07\/undocumented\/#article\",\"isPartOf\":{\"@id\":\"https:\/\/blogs.library.duke.edu\/rubenstein\/2013\/10\/07\/undocumented\/\"},\"author\":{\"name\":\"Amy McDonald\",\"@id\":\"https:\/\/blogs.library.duke.edu\/rubenstein\/#\/schema\/person\/9b80b2beaf2cea2b14866de548543f76\"},\"headline\":\"Rights! Camera! Action!: The Undocumented (Director\u2019s Cut)\",\"datePublished\":\"2013-10-07T13:46:05+00:00\",\"dateModified\":\"2013-10-07T13:48:05+00:00\",\"mainEntityOfPage\":{\"@id\":\"https:\/\/blogs.library.duke.edu\/rubenstein\/2013\/10\/07\/undocumented\/\"},\"wordCount\":298,\"commentCount\":0,\"image\":{\"@id\":\"https:\/\/blogs.library.duke.edu\/rubenstein\/2013\/10\/07\/undocumented\/#primaryimage\"},\"thumbnailUrl\":\"https:\/\/blogs.library.duke.edu\/rubenstein\/files\/2013\/10\/undocumented-web.jpg\",\"keywords\":[\"documentary\",\"film\",\"film screenings\",\"fullframe\",\"human rights\"],\"articleSection\":[\"Archive of Documentary Arts\",\"Events\",\"Films\",\"Human Rights Archive\"],\"inLanguage\":\"en-US\",\"potentialAction\":[{\"@type\":\"CommentAction\",\"name\":\"Comment\",\"target\":[\"https:\/\/blogs.library.duke.edu\/rubenstein\/2013\/10\/07\/undocumented\/#respond\"]}]},{\"@type\":\"WebPage\",\"@id\":\"https:\/\/blogs.library.duke.edu\/rubenstein\/2013\/10\/07\/undocumented\/\",\"url\":\"https:\/\/blogs.library.duke.edu\/rubenstein\/2013\/10\/07\/undocumented\/\",\"name\":\"Rights! Camera! Action!: The Undocumented (Director\u2019s Cut) - The Devil&#039;s Tale\",\"isPartOf\":{\"@id\":\"https:\/\/blogs.library.duke.edu\/rubenstein\/#website\"},\"primaryImageOfPage\":{\"@id\":\"https:\/\/blogs.library.duke.edu\/rubenstein\/2013\/10\/07\/undocumented\/#primaryimage\"},\"image\":{\"@id\":\"https:\/\/blogs.library.duke.edu\/rubenstein\/2013\/10\/07\/undocumented\/#primaryimage\"},\"thumbnailUrl\":\"https:\/\/blogs.library.duke.edu\/rubenstein\/files\/2013\/10\/undocumented-web.jpg\",\"datePublished\":\"2013-10-07T13:46:05+00:00\",\"dateModified\":\"2013-10-07T13:48:05+00:00\",\"author\":{\"@id\":\"https:\/\/blogs.library.duke.edu\/rubenstein\/#\/schema\/person\/9b80b2beaf2cea2b14866de548543f76\"},\"breadcrumb\":{\"@id\":\"https:\/\/blogs.library.duke.edu\/rubenstein\/2013\/10\/07\/undocumented\/#breadcrumb\"},\"inLanguage\":\"en-US\",\"potentialAction\":[{\"@type\":\"ReadAction\",\"target\":[\"https:\/\/blogs.library.duke.edu\/rubenstein\/2013\/10\/07\/undocumented\/\"]}]},{\"@type\":\"ImageObject\",\"inLanguage\":\"en-US\",\"@id\":\"https:\/\/blogs.library.duke.edu\/rubenstein\/2013\/10\/07\/undocumented\/#primaryimage\",\"url\":\"https:\/\/blogs.library.duke.edu\/rubenstein\/files\/2013\/10\/undocumented-web.jpg\",\"contentUrl\":\"https:\/\/blogs.library.duke.edu\/rubenstein\/files\/2013\/10\/undocumented-web.jpg\",\"width\":339,\"height\":458},{\"@type\":\"BreadcrumbList\",\"@id\":\"https:\/\/blogs.library.duke.edu\/rubenstein\/2013\/10\/07\/undocumented\/#breadcrumb\",\"itemListElement\":[{\"@type\":\"ListItem\",\"position\":1,\"name\":\"Home\",\"item\":\"https:\/\/blogs.library.duke.edu\/rubenstein\/\"},{\"@type\":\"ListItem\",\"position\":2,\"name\":\"Rights! Camera! Action!: The Undocumented (Director\u2019s Cut)\"}]},{\"@type\":\"WebSite\",\"@id\":\"https:\/\/blogs.library.duke.edu\/rubenstein\/#website\",\"url\":\"https:\/\/blogs.library.duke.edu\/rubenstein\/\",\"name\":\"The Devil&#039;s Tale\",\"description\":\"Dispatches from the David M. Rubenstein Rare Book and Manuscript Library at Duke University\",\"potentialAction\":[{\"@type\":\"SearchAction\",\"target\":{\"@type\":\"EntryPoint\",\"urlTemplate\":\"https:\/\/blogs.library.duke.edu\/rubenstein\/?s={search_term_string}\"},\"query-input\":{\"@type\":\"PropertyValueSpecification\",\"valueRequired\":true,\"valueName\":\"search_term_string\"}}],\"inLanguage\":\"en-US\"},{\"@type\":\"Person\",\"@id\":\"https:\/\/blogs.library.duke.edu\/rubenstein\/#\/schema\/person\/9b80b2beaf2cea2b14866de548543f76\",\"name\":\"Amy McDonald\",\"image\":{\"@type\":\"ImageObject\",\"inLanguage\":\"en-US\",\"@id\":\"https:\/\/blogs.library.duke.edu\/rubenstein\/#\/schema\/person\/image\/93e9139564e575cc8088457a2dd563b1\",\"url\":\"https:\/\/secure.gravatar.com\/avatar\/d67ec1c222bfffe579149c3d079ab8f48786b7a3a2ce71ddfabe29cd4d601e8a?s=96&d=mm&r=g\",\"contentUrl\":\"https:\/\/secure.gravatar.com\/avatar\/d67ec1c222bfffe579149c3d079ab8f48786b7a3a2ce71ddfabe29cd4d601e8a?s=96&d=mm&r=g\",\"caption\":\"Amy McDonald\"},\"url\":\"https:\/\/blogs.library.duke.edu\/rubenstein\/author\/asm23duke-edu\/\"}]}<\/script>\n<!-- \/ Yoast SEO plugin. -->","yoast_head_json":{"title":"Rights! Camera! Action!: The Undocumented (Director\u2019s Cut)  - The Devil&#039;s Tale","robots":{"index":"index","follow":"follow","max-snippet":"max-snippet:-1","max-image-preview":"max-image-preview:large","max-video-preview":"max-video-preview:-1"},"canonical":"https:\/\/blogs.library.duke.edu\/rubenstein\/2013\/10\/07\/undocumented\/","og_locale":"en_US","og_type":"article","og_title":"Rights! Camera! Action!: The Undocumented (Director\u2019s Cut)  - The Devil&#039;s Tale","og_description":"Date: Tuesday, October 8, 2013 Time: 7:00 p.m. Location: Full Frame Theater on the American Tobacco Campus (directions &amp; parking information) Contact: Patrick Stawski, patrick.stawski(at)duke.edu Marcos Hernandez lives and works in Chicago. He came to the United States from Mexico, after a life-threatening border crossing through the Sonora Desert in southern Arizona. Each month, he &hellip; Continue reading Rights! Camera! Action!: The Undocumented (Director\u2019s Cut) &rarr;","og_url":"https:\/\/blogs.library.duke.edu\/rubenstein\/2013\/10\/07\/undocumented\/","og_site_name":"The Devil&#039;s Tale","article_published_time":"2013-10-07T13:46:05+00:00","article_modified_time":"2013-10-07T13:48:05+00:00","og_image":[{"width":339,"height":458,"url":"https:\/\/blogs.library.duke.edu\/rubenstein\/files\/2013\/10\/undocumented-web.jpg","type":"image\/jpeg"}],"author":"Amy McDonald","twitter_card":"summary_large_image","twitter_creator":"@rubensteinlib","twitter_site":"@rubensteinlib","twitter_misc":{"Written by":"Amy McDonald","Est. reading time":"1 minute"},"schema":{"@context":"https:\/\/schema.org","@graph":[{"@type":"Article","@id":"https:\/\/blogs.library.duke.edu\/rubenstein\/2013\/10\/07\/undocumented\/#article","isPartOf":{"@id":"https:\/\/blogs.library.duke.edu\/rubenstein\/2013\/10\/07\/undocumented\/"},"author":{"name":"Amy McDonald","@id":"https:\/\/blogs.library.duke.edu\/rubenstein\/#\/schema\/person\/9b80b2beaf2cea2b14866de548543f76"},"headline":"Rights! Camera! Action!: The Undocumented (Director\u2019s Cut)","datePublished":"2013-10-07T13:46:05+00:00","dateModified":"2013-10-07T13:48:05+00:00","mainEntityOfPage":{"@id":"https:\/\/blogs.library.duke.edu\/rubenstein\/2013\/10\/07\/undocumented\/"},"wordCount":298,"commentCount":0,"image":{"@id":"https:\/\/blogs.library.duke.edu\/rubenstein\/2013\/10\/07\/undocumented\/#primaryimage"},"thumbnailUrl":"https:\/\/blogs.library.duke.edu\/rubenstein\/files\/2013\/10\/undocumented-web.jpg","keywords":["documentary","film","film screenings","fullframe","human rights"],"articleSection":["Archive of Documentary Arts","Events","Films","Human Rights Archive"],"inLanguage":"en-US","potentialAction":[{"@type":"CommentAction","name":"Comment","target":["https:\/\/blogs.library.duke.edu\/rubenstein\/2013\/10\/07\/undocumented\/#respond"]}]},{"@type":"WebPage","@id":"https:\/\/blogs.library.duke.edu\/rubenstein\/2013\/10\/07\/undocumented\/","url":"https:\/\/blogs.library.duke.edu\/rubenstein\/2013\/10\/07\/undocumented\/","name":"Rights! Camera! Action!: The Undocumented (Director\u2019s Cut) - The Devil&#039;s Tale","isPartOf":{"@id":"https:\/\/blogs.library.duke.edu\/rubenstein\/#website"},"primaryImageOfPage":{"@id":"https:\/\/blogs.library.duke.edu\/rubenstein\/2013\/10\/07\/undocumented\/#primaryimage"},"image":{"@id":"https:\/\/blogs.library.duke.edu\/rubenstein\/2013\/10\/07\/undocumented\/#primaryimage"},"thumbnailUrl":"https:\/\/blogs.library.duke.edu\/rubenstein\/files\/2013\/10\/undocumented-web.jpg","datePublished":"2013-10-07T13:46:05+00:00","dateModified":"2013-10-07T13:48:05+00:00","author":{"@id":"https:\/\/blogs.library.duke.edu\/rubenstein\/#\/schema\/person\/9b80b2beaf2cea2b14866de548543f76"},"breadcrumb":{"@id":"https:\/\/blogs.library.duke.edu\/rubenstein\/2013\/10\/07\/undocumented\/#breadcrumb"},"inLanguage":"en-US","potentialAction":[{"@type":"ReadAction","target":["https:\/\/blogs.library.duke.edu\/rubenstein\/2013\/10\/07\/undocumented\/"]}]},{"@type":"ImageObject","inLanguage":"en-US","@id":"https:\/\/blogs.library.duke.edu\/rubenstein\/2013\/10\/07\/undocumented\/#primaryimage","url":"https:\/\/blogs.library.duke.edu\/rubenstein\/files\/2013\/10\/undocumented-web.jpg","contentUrl":"https:\/\/blogs.library.duke.edu\/rubenstein\/files\/2013\/10\/undocumented-web.jpg","width":339,"height":458},{"@type":"BreadcrumbList","@id":"https:\/\/blogs.library.duke.edu\/rubenstein\/2013\/10\/07\/undocumented\/#breadcrumb","itemListElement":[{"@type":"ListItem","position":1,"name":"Home","item":"https:\/\/blogs.library.duke.edu\/rubenstein\/"},{"@type":"ListItem","position":2,"name":"Rights! Camera! Action!: The Undocumented (Director\u2019s Cut)"}]},{"@type":"WebSite","@id":"https:\/\/blogs.library.duke.edu\/rubenstein\/#website","url":"https:\/\/blogs.library.duke.edu\/rubenstein\/","name":"The Devil&#039;s Tale","description":"Dispatches from the David M. Rubenstein Rare Book and Manuscript Library at Duke University","potentialAction":[{"@type":"SearchAction","target":{"@type":"EntryPoint","urlTemplate":"https:\/\/blogs.library.duke.edu\/rubenstein\/?s={search_term_string}"},"query-input":{"@type":"PropertyValueSpecification","valueRequired":true,"valueName":"search_term_string"}}],"inLanguage":"en-US"},{"@type":"Person","@id":"https:\/\/blogs.library.duke.edu\/rubenstein\/#\/schema\/person\/9b80b2beaf2cea2b14866de548543f76","name":"Amy McDonald","image":{"@type":"ImageObject","inLanguage":"en-US","@id":"https:\/\/blogs.library.duke.edu\/rubenstein\/#\/schema\/person\/image\/93e9139564e575cc8088457a2dd563b1","url":"https:\/\/secure.gravatar.com\/avatar\/d67ec1c222bfffe579149c3d079ab8f48786b7a3a2ce71ddfabe29cd4d601e8a?s=96&d=mm&r=g","contentUrl":"https:\/\/secure.gravatar.com\/avatar\/d67ec1c222bfffe579149c3d079ab8f48786b7a3a2ce71ddfabe29cd4d601e8a?s=96&d=mm&r=g","caption":"Amy McDonald"},"url":"https:\/\/blogs.library.duke.edu\/rubenstein\/author\/asm23duke-edu\/"}]}},"_links":{"self":[{"href":"https:\/\/blogs.library.duke.edu\/rubenstein\/wp-json\/wp\/v2\/posts\/8429","targetHints":{"allow":["GET"]}}],"collection":[{"href":"https:\/\/blogs.library.duke.edu\/rubenstein\/wp-json\/wp\/v2\/posts"}],"about":[{"href":"https:\/\/blogs.library.duke.edu\/rubenstein\/wp-json\/wp\/v2\/types\/post"}],"author":[{"embeddable":true,"href":"https:\/\/blogs.library.duke.edu\/rubenstein\/wp-json\/wp\/v2\/users\/89"}],"replies":[{"embeddable":true,"href":"https:\/\/blogs.library.duke.edu\/rubenstein\/wp-json\/wp\/v2\/comments?post=8429"}],"version-history":[{"count":2,"href":"https:\/\/blogs.library.duke.edu\/rubenstein\/wp-json\/wp\/v2\/posts\/8429\/revisions"}],"predecessor-version":[{"id":8432,"href":"https:\/\/blogs.library.duke.edu\/rubenstein\/wp-json\/wp\/v2\/posts\/8429\/revisions\/8432"}],"wp:featuredmedia":[{"embeddable":true,"href":"https:\/\/blogs.library.duke.edu\/rubenstein\/wp-json\/wp\/v2\/media\/8433"}],"wp:attachment":[{"href":"https:\/\/blogs.library.duke.edu\/rubenstein\/wp-json\/wp\/v2\/media?parent=8429"}],"wp:term":[{"taxonomy":"category","embeddable":true,"href":"https:\/\/blogs.library.duke.edu\/rubenstein\/wp-json\/wp\/v2\/categories?post=8429"},{"taxonomy":"post_tag","embeddable":true,"href":"https:\/\/blogs.library.duke.edu\/rubenstein\/wp-json\/wp\/v2\/tags?post=8429"},{"taxonomy":"author","embeddable":true,"href":"https:\/\/blogs.library.duke.edu\/rubenstein\/wp-json\/wp\/v2\/coauthors?post=8429"}],"curies":[{"name":"wp","href":"https:\/\/api.w.org\/{rel}","templated":true}]}}